{"id":11574,"date":"2019-07-27T16:55:10","date_gmt":"2019-07-27T14:55:10","guid":{"rendered":"http:\/\/www.sklaznebohdanec.cz\/fotbal\/?p=11574"},"modified":"2019-07-27T16:55:10","modified_gmt":"2019-07-27T14:55:10","slug":"muzi-priprava-sklb-tj-sokol-miretice-40","status":"publish","type":"post","link":"http:\/\/www.sklaznebohdanec.cz\/fotbal\/muzi-priprava-sklb-tj-sokol-miretice-40\/","title":{"rendered":"mu\u017ei p\u0159\u00edprava\/ SKLB &#8211; TJ Sokol Mi\u0159etice 4:0"},"content":{"rendered":"<p>26.6.2019 &#8211; V\u00fdsledky kvalitn\u00ed letn\u00ed p\u0159\u00edpravy osv\u011bd\u010dili na\u0161i borci i v dal\u0161\u00edm p\u0159\u00e1telsk\u00e9m z\u00e1pase, tentokr\u00e1t s Mi\u0159eticemi. Cel\u00fd z\u00e1pas se hr\u00e1la vyrovnan\u00e1 partie. Na\u0161i byli cel\u00fd z\u00e1pas m\u00edrn\u011b lep\u0161\u00ed, ale branky nep\u0159ich\u00e1zeli. A\u017e ve druh\u00e9 p\u016fli jsme z\u00edsk\u00e1vali p\u0159evahu a postupn\u011b rozhodli o jasn\u00e9m v\u00edt\u011bzstv\u00ed.<\/p>\n<p>Branky: Uhl\u00ed\u0159 Jan 2, Uhl\u00ed\u0159 Jakub, vlastn\u00ed<\/p>\n","protected":false},"excerpt":{"rendered":"<p>26.6.2019 &#8211; V\u00fdsledky kvalitn\u00ed letn\u00ed p\u0159\u00edpravy osv\u011bd\u010dili na\u0161i borci i v dal\u0161\u00edm p\u0159\u00e1telsk\u00e9m z\u00e1pase, tentokr\u00e1t s Mi\u0159eticemi. Cel\u00fd z\u00e1pas se hr\u00e1la vyrovnan\u00e1 partie. Na\u0161i byli cel\u00fd z\u00e1pas m\u00edrn\u011b lep\u0161\u00ed, ale branky nep\u0159ich\u00e1zeli. A\u017e ve druh\u00e9 p\u016fli jsme z\u00edsk\u00e1vali p\u0159evahu a postupn\u011b rozhodli o jasn\u00e9m v\u00edt\u011bzstv\u00ed. Branky: Uhl\u00ed\u0159 Jan 2, Uhl\u00ed\u0159 \u2026 <a class=\"continue-reading-link\" href=\"http:\/\/www.sklaznebohdanec.cz\/fotbal\/muzi-priprava-sklb-tj-sokol-miretice-40\/\">Pokra\u010dov\u00e1n\u00ed zde&#8230;. <span class=\"meta-nav\">&rarr; <\/span><\/a><\/p>\n","protected":false},"author":13,"featured_media":0,"comment_status":"open","ping_status":"closed","sticky":false,"template":"","format":"standard","meta":{"footnotes":""},"categories":[52,1],"tags":[],"class_list":["post-11574","post","type-post","status-publish","format-standard","hentry","category-clanky-a-sdeleni-muzi","category-novinky"],"aioseo_notices":[],"_links":{"self":[{"href":"http:\/\/www.sklaznebohdanec.cz\/fotbal\/wp-json\/wp\/v2\/posts\/11574","targetHints":{"allow":["GET"]}}],"collection":[{"href":"http:\/\/www.sklaznebohdanec.cz\/fotbal\/wp-json\/wp\/v2\/posts"}],"about":[{"href":"http:\/\/www.sklaznebohdanec.cz\/fotbal\/wp-json\/wp\/v2\/types\/post"}],"author":[{"embeddable":true,"href":"http:\/\/www.sklaznebohdanec.cz\/fotbal\/wp-json\/wp\/v2\/users\/13"}],"replies":[{"embeddable":true,"href":"http:\/\/www.sklaznebohdanec.cz\/fotbal\/wp-json\/wp\/v2\/comments?post=11574"}],"version-history":[{"count":1,"href":"http:\/\/www.sklaznebohdanec.cz\/fotbal\/wp-json\/wp\/v2\/posts\/11574\/revisions"}],"predecessor-version":[{"id":11575,"href":"http:\/\/www.sklaznebohdanec.cz\/fotbal\/wp-json\/wp\/v2\/posts\/11574\/revisions\/11575"}],"wp:attachment":[{"href":"http:\/\/www.sklaznebohdanec.cz\/fotbal\/wp-json\/wp\/v2\/media?parent=11574"}],"wp:term":[{"taxonomy":"category","embeddable":true,"href":"http:\/\/www.sklaznebohdanec.cz\/fotbal\/wp-json\/wp\/v2\/categories?post=11574"},{"taxonomy":"post_tag","embeddable":true,"href":"http:\/\/www.sklaznebohdanec.cz\/fotbal\/wp-json\/wp\/v2\/tags?post=11574"}],"curies":[{"name":"wp","href":"https:\/\/api.w.org\/{rel}","templated":true}]}}