{"id":12600,"date":"2020-07-14T17:40:04","date_gmt":"2020-07-14T15:40:04","guid":{"rendered":"http:\/\/www.sklaznebohdanec.cz\/fotbal\/?p=12600"},"modified":"2020-07-14T17:40:04","modified_gmt":"2020-07-14T15:40:04","slug":"muzi-prvni-pripravny-zapas","status":"publish","type":"post","link":"http:\/\/www.sklaznebohdanec.cz\/fotbal\/muzi-prvni-pripravny-zapas\/","title":{"rendered":"mu\u017ei\/ prvn\u00ed p\u0159\u00edpravn\u00fd z\u00e1pas"},"content":{"rendered":"<p>Vzhledem k tomu, \u017ee n\u00e1\u0161 tr\u00e1vn\u00edk je ve stavu \u00fadr\u017eby a v okol\u00ed nen\u00ed \u017e\u00e1dn\u00e9 h\u0159i\u0161t\u011b k dispozici, sehraje na\u0161e &#8222;A&#8220; sv\u016fj prvn\u00ed p\u0159\u00edpravn\u00fd z\u00e1pas na h\u0159i\u0161ti v Rozhovic\u00edch. Datum i za\u010d\u00e1tek z\u016fst\u00e1vaj\u00ed beze zm\u011bny. Za p\u0159\u00edpadn\u00e9 komplikace se omlouv\u00e1me.<\/p>\n","protected":false},"excerpt":{"rendered":"<p>Vzhledem k tomu, \u017ee n\u00e1\u0161 tr\u00e1vn\u00edk je ve stavu \u00fadr\u017eby a v okol\u00ed nen\u00ed \u017e\u00e1dn\u00e9 h\u0159i\u0161t\u011b k dispozici, sehraje na\u0161e &#8222;A&#8220; sv\u016fj prvn\u00ed p\u0159\u00edpravn\u00fd z\u00e1pas na h\u0159i\u0161ti v Rozhovic\u00edch. Datum i za\u010d\u00e1tek z\u016fst\u00e1vaj\u00ed beze zm\u011bny. Za p\u0159\u00edpadn\u00e9 komplikace se omlouv\u00e1me.<\/p>\n","protected":false},"author":13,"featured_media":0,"comment_status":"open","ping_status":"closed","sticky":false,"template":"","format":"standard","meta":{"footnotes":""},"categories":[52,1,7],"tags":[],"class_list":["post-12600","post","type-post","status-publish","format-standard","hentry","category-clanky-a-sdeleni-muzi","category-novinky","category-udalosti"],"aioseo_notices":[],"_links":{"self":[{"href":"http:\/\/www.sklaznebohdanec.cz\/fotbal\/wp-json\/wp\/v2\/posts\/12600","targetHints":{"allow":["GET"]}}],"collection":[{"href":"http:\/\/www.sklaznebohdanec.cz\/fotbal\/wp-json\/wp\/v2\/posts"}],"about":[{"href":"http:\/\/www.sklaznebohdanec.cz\/fotbal\/wp-json\/wp\/v2\/types\/post"}],"author":[{"embeddable":true,"href":"http:\/\/www.sklaznebohdanec.cz\/fotbal\/wp-json\/wp\/v2\/users\/13"}],"replies":[{"embeddable":true,"href":"http:\/\/www.sklaznebohdanec.cz\/fotbal\/wp-json\/wp\/v2\/comments?post=12600"}],"version-history":[{"count":1,"href":"http:\/\/www.sklaznebohdanec.cz\/fotbal\/wp-json\/wp\/v2\/posts\/12600\/revisions"}],"predecessor-version":[{"id":12601,"href":"http:\/\/www.sklaznebohdanec.cz\/fotbal\/wp-json\/wp\/v2\/posts\/12600\/revisions\/12601"}],"wp:attachment":[{"href":"http:\/\/www.sklaznebohdanec.cz\/fotbal\/wp-json\/wp\/v2\/media?parent=12600"}],"wp:term":[{"taxonomy":"category","embeddable":true,"href":"http:\/\/www.sklaznebohdanec.cz\/fotbal\/wp-json\/wp\/v2\/categories?post=12600"},{"taxonomy":"post_tag","embeddable":true,"href":"http:\/\/www.sklaznebohdanec.cz\/fotbal\/wp-json\/wp\/v2\/tags?post=12600"}],"curies":[{"name":"wp","href":"https:\/\/api.w.org\/{rel}","templated":true}]}}