{"id":13694,"date":"2022-12-28T21:00:48","date_gmt":"2022-12-28T20:00:48","guid":{"rendered":"http:\/\/www.sklaznebohdanec.cz\/fotbal\/?p=13694"},"modified":"2022-12-28T21:03:47","modified_gmt":"2022-12-28T20:03:47","slug":"treninkovy-plan-u9-leden-unor-2023","status":"publish","type":"post","link":"http:\/\/www.sklaznebohdanec.cz\/fotbal\/treninkovy-plan-u9-leden-unor-2023\/","title":{"rendered":"Tr\u00e9ninkov\u00fd pl\u00e1n U9 \u2013 leden, \u00fanor 2023"},"content":{"rendered":"<p>N\u00ed\u017ee V\u00e1m p\u0159in\u00e1\u0161\u00edme pl\u00e1n tr\u00e9nink\u016f a z\u00e1pas\u016f pro kategorii U9 (ro\u010dn\u00edk 2014, 2015) na obdob\u00ed leden-\u00fanor 2023.<\/p>\n<p>*Zm\u011bna programu je vyhrazena a p\u0159esn\u00fd pl\u00e1n na dan\u00fd t\u00fdden V\u00e1m v\u017edy po\u0161leme na WhatsApp skupin\u011b.<\/p>\n<p><!--more--><\/p>\n<p><strong>LEDEN<\/strong><\/p>\n<p>Po 2.1. TJ hala LB 16,30-18,00<\/p>\n<p>St 4.1. TJ UMT LB 16,30-18,00<\/p>\n<p>Po 9.1. TJ hala LB 16,30-18,00<\/p>\n<p>St 11.1. Gymnastika hala LB 16,00-17,00<\/p>\n<p>Ne 15.1. <strong>Halov\u00fd turnaj: He\u0159man\u016fv M\u011bstec ro\u010d. 2014 a ml.<\/strong><\/p>\n<p>Po 16.1. TJ hala LB 16,30-18,00<\/p>\n<p>St 18.1. TJ UMT LB 16,30-18,00<\/p>\n<p>Ne 22.1. <strong>Halov\u00fd turnaj: LB ro\u010d. 2015 a ml.<\/strong><\/p>\n<p>Po 23.1. TJ hala LB 16,30-18,00<\/p>\n<p>St 25.1. Gymnastika hala LB 16,00-17,00<\/p>\n<p>So 28.1. <strong>Halov\u00fd turnaj: Jarom\u011b\u0159 ro\u010d. 2015 a ml. + PU UMT LB v jedn\u00e1n\u00ed<\/strong><\/p>\n<p>Po 30.1. TJ hala LB 16,30-18,00<\/p>\n<p><strong>\u00daNOR<\/strong><\/p>\n<article id=\"post-13674\" class=\"post-13674 post type-post status-publish format-standard hentry category-clanky-a-sdeleni-st-pripravka category-novinky\">\n<div class=\"entry-content\">\n<p>St 1.2. TJ UMT LB 16,30-18,00<\/p>\n<p>\u010ct 2.2. \u2013 Ne 5.2.\u00a0<strong>Zimn\u00ed soust\u0159ed\u011bn\u00ed NEKO\u0158<\/strong><\/p>\n<p>Po 6.2. TJ hala LB 16,30-18,00<\/p>\n<p>St 8.2. <span style=\"color: #000000;\">Gymnastika hala Z\u0160 Rybitv\u00ed 16,00-17,00<\/span><\/p>\n<p>So 11.2. <strong>Halov\u00fd turnaj: LB ro\u010d. 2014 a ml.<\/strong><\/p>\n<p>Po 13.2. TJ hala LB 16,30-18,00<\/p>\n<p>St 15.2. TJ UMT LB 16,30-18,00<\/p>\n<p>So 18.2. <strong>PU UMT LB-Pardubi\u010dky + <\/strong><span style=\"color: #00ff00;\"><strong>SPORTOVN\u00cd PLES SK L\u00c1ZN\u011a BOHDANE\u010c<\/strong><\/span><\/p>\n<p>Ne 19.2. <strong>Halov\u00fd turnaj: LB ro\u010d. 2015 a ml.<\/strong><\/p>\n<p>Po 20.2. TJ hala LB 16,30-18,00<\/p>\n<p>St 22.2. Gymnastika hala Z\u0160 Rybitv\u00ed 16,00-17,00<\/p>\n<p>Ne 26.2.<strong> Halov\u00fd turnaj: LB &#8211; 2 t\u00fdmy<\/strong><\/p>\n<p>Po 27.2. TJ hala LB 16,30-18,00<\/p>\n<p><strong>B\u0158EZEN<\/strong><\/p>\n<p>St 1.3. TJ UMT LB 16,30-18,00<\/p>\n<p>So 4.3. &#8211; Ne 12.3. VOLNO &#8211; Jarn\u00ed pr\u00e1zdniny<\/p>\n<\/div>\n<\/article>\n","protected":false},"excerpt":{"rendered":"<p>N\u00ed\u017ee V\u00e1m p\u0159in\u00e1\u0161\u00edme pl\u00e1n tr\u00e9nink\u016f a z\u00e1pas\u016f pro kategorii U9 (ro\u010dn\u00edk 2014, 2015) na obdob\u00ed leden-\u00fanor 2023. *Zm\u011bna programu je vyhrazena a p\u0159esn\u00fd pl\u00e1n na dan\u00fd t\u00fdden V\u00e1m v\u017edy po\u0161leme na WhatsApp skupin\u011b.<\/p>\n","protected":false},"author":21,"featured_media":0,"comment_status":"open","ping_status":"closed","sticky":false,"template":"","format":"standard","meta":{"footnotes":""},"categories":[57,1],"tags":[],"class_list":["post-13694","post","type-post","status-publish","format-standard","hentry","category-clanky-a-sdeleni-ml-pripravka","category-novinky"],"aioseo_notices":[],"_links":{"self":[{"href":"http:\/\/www.sklaznebohdanec.cz\/fotbal\/wp-json\/wp\/v2\/posts\/13694","targetHints":{"allow":["GET"]}}],"collection":[{"href":"http:\/\/www.sklaznebohdanec.cz\/fotbal\/wp-json\/wp\/v2\/posts"}],"about":[{"href":"http:\/\/www.sklaznebohdanec.cz\/fotbal\/wp-json\/wp\/v2\/types\/post"}],"author":[{"embeddable":true,"href":"http:\/\/www.sklaznebohdanec.cz\/fotbal\/wp-json\/wp\/v2\/users\/21"}],"replies":[{"embeddable":true,"href":"http:\/\/www.sklaznebohdanec.cz\/fotbal\/wp-json\/wp\/v2\/comments?post=13694"}],"version-history":[{"count":3,"href":"http:\/\/www.sklaznebohdanec.cz\/fotbal\/wp-json\/wp\/v2\/posts\/13694\/revisions"}],"predecessor-version":[{"id":13699,"href":"http:\/\/www.sklaznebohdanec.cz\/fotbal\/wp-json\/wp\/v2\/posts\/13694\/revisions\/13699"}],"wp:attachment":[{"href":"http:\/\/www.sklaznebohdanec.cz\/fotbal\/wp-json\/wp\/v2\/media?parent=13694"}],"wp:term":[{"taxonomy":"category","embeddable":true,"href":"http:\/\/www.sklaznebohdanec.cz\/fotbal\/wp-json\/wp\/v2\/categories?post=13694"},{"taxonomy":"post_tag","embeddable":true,"href":"http:\/\/www.sklaznebohdanec.cz\/fotbal\/wp-json\/wp\/v2\/tags?post=13694"}],"curies":[{"name":"wp","href":"https:\/\/api.w.org\/{rel}","templated":true}]}}