{"id":13812,"date":"2023-05-18T20:10:44","date_gmt":"2023-05-18T18:10:44","guid":{"rendered":"http:\/\/www.sklaznebohdanec.cz\/fotbal\/?p=13812"},"modified":"2023-07-12T16:21:57","modified_gmt":"2023-07-12T14:21:57","slug":"registrace-na-letni-soustredeni-pripravek-v-hornim-jeleni-2023","status":"publish","type":"post","link":"http:\/\/www.sklaznebohdanec.cz\/fotbal\/registrace-na-letni-soustredeni-pripravek-v-hornim-jeleni-2023\/","title":{"rendered":"REGISTRACE na letn\u00ed soust\u0159ed\u011bn\u00ed p\u0159\u00edpravek v Horn\u00edm Jelen\u00ed 2023"},"content":{"rendered":"<p>P\u0159ihl\u00e1\u0161ka na klubov\u00e9 soust\u0159ed\u011bn\u00ed p\u0159\u00edpravek SK L\u00e1zn\u011b Bohdane\u010d, kter\u00e9 se op\u011bt uskute\u010dn\u00ed v rekrea\u010dn\u00edm st\u0159edisku Tramt\u00e1ryje v Horn\u00edm Jelen\u00ed.<\/p>\n<p><!--more--><\/p>\n<div><strong>KDY:<\/strong><\/div>\n<div>ST 23.8. &#8211; NE 27.8. 2023 (4 dny)<\/div>\n<div><\/div>\n<div><strong>KATEGORIE:<\/strong><br \/>\nP\u0158\u00cdPRAVKY (U7, U9, U11) &#8211; ro\u010dn\u00edk narozen\u00ed 2013 &#8211; 2017V\u00edce bli\u017e\u0161\u00edch informac\u00ed naleznete v registra\u010dn\u00edm formul\u00e1\u0159i n\u00ed\u017ee nebo u tren\u00e9ra J. Baldrycha &#8211; tel. 721 700 726<\/p>\n<\/div>\n<div><\/div>\n<div>REGISTRACE <a href=\"https:\/\/docs.google.com\/forms\/d\/e\/1FAIpQLScGl0yC7HoFXKUG7ZbUTOUqlZNiiidLOfWoiLl1pp1As9dfzw\/viewform?usp=sf_link\">ZDE<\/a><\/div>\n","protected":false},"excerpt":{"rendered":"<p>P\u0159ihl\u00e1\u0161ka na klubov\u00e9 soust\u0159ed\u011bn\u00ed p\u0159\u00edpravek SK L\u00e1zn\u011b Bohdane\u010d, kter\u00e9 se op\u011bt uskute\u010dn\u00ed v rekrea\u010dn\u00edm st\u0159edisku Tramt\u00e1ryje v Horn\u00edm Jelen\u00ed.<\/p>\n","protected":false},"author":21,"featured_media":0,"comment_status":"open","ping_status":"closed","sticky":false,"template":"","format":"standard","meta":{"footnotes":""},"categories":[57,58,56,1],"tags":[],"class_list":["post-13812","post","type-post","status-publish","format-standard","hentry","category-clanky-a-sdeleni-ml-pripravka","category-clanky-a-sdeleni-skolicka","category-clanky-a-sdeleni-st-pripravka","category-novinky"],"aioseo_notices":[],"_links":{"self":[{"href":"http:\/\/www.sklaznebohdanec.cz\/fotbal\/wp-json\/wp\/v2\/posts\/13812","targetHints":{"allow":["GET"]}}],"collection":[{"href":"http:\/\/www.sklaznebohdanec.cz\/fotbal\/wp-json\/wp\/v2\/posts"}],"about":[{"href":"http:\/\/www.sklaznebohdanec.cz\/fotbal\/wp-json\/wp\/v2\/types\/post"}],"author":[{"embeddable":true,"href":"http:\/\/www.sklaznebohdanec.cz\/fotbal\/wp-json\/wp\/v2\/users\/21"}],"replies":[{"embeddable":true,"href":"http:\/\/www.sklaznebohdanec.cz\/fotbal\/wp-json\/wp\/v2\/comments?post=13812"}],"version-history":[{"count":2,"href":"http:\/\/www.sklaznebohdanec.cz\/fotbal\/wp-json\/wp\/v2\/posts\/13812\/revisions"}],"predecessor-version":[{"id":13847,"href":"http:\/\/www.sklaznebohdanec.cz\/fotbal\/wp-json\/wp\/v2\/posts\/13812\/revisions\/13847"}],"wp:attachment":[{"href":"http:\/\/www.sklaznebohdanec.cz\/fotbal\/wp-json\/wp\/v2\/media?parent=13812"}],"wp:term":[{"taxonomy":"category","embeddable":true,"href":"http:\/\/www.sklaznebohdanec.cz\/fotbal\/wp-json\/wp\/v2\/categories?post=13812"},{"taxonomy":"post_tag","embeddable":true,"href":"http:\/\/www.sklaznebohdanec.cz\/fotbal\/wp-json\/wp\/v2\/tags?post=13812"}],"curies":[{"name":"wp","href":"https:\/\/api.w.org\/{rel}","templated":true}]}}