{"id":14064,"date":"2024-01-13T14:35:33","date_gmt":"2024-01-13T13:35:33","guid":{"rendered":"http:\/\/www.sklaznebohdanec.cz\/fotbal\/?p=14064"},"modified":"2024-01-13T14:38:07","modified_gmt":"2024-01-13T13:38:07","slug":"treninkovy-plan-u7-leden-unor-2024","status":"publish","type":"post","link":"http:\/\/www.sklaznebohdanec.cz\/fotbal\/treninkovy-plan-u7-leden-unor-2024\/","title":{"rendered":"Tr\u00e9ninkov\u00fd pl\u00e1n U7 &#8211; leden, \u00fanor 2024"},"content":{"rendered":"<p>N\u00ed\u017ee V\u00e1m p\u0159in\u00e1\u0161\u00edme pl\u00e1n tr\u00e9nink\u016f a z\u00e1pas\u016f pro kategorii U7 (ro\u010dn\u00edk 2017 a ml.) na obdob\u00ed leden a \u00fanor 2024.<\/p>\n<p>*Zm\u011bna programu je vyhrazena a p\u0159esn\u00fd pl\u00e1n na nejbli\u017e\u0161\u00ed dny V\u00e1m v\u017edy tren\u00e9\u0159i po\u0161lou na WhatsApp skupinu.<\/p>\n<p><!--more--><\/p>\n<p><span style=\"text-decoration: underline;\"><strong>Tr\u00e9ninky<\/strong><\/span><\/p>\n<p><strong>Pond\u011bl\u00ed:<\/strong> hala LB 16,00 &#8211; 17,00 hod.<\/p>\n<p><strong>St\u0159eda:<\/strong> hala LB 16,50 &#8211; 18,00 hod.<\/p>\n<p><strong>P\u00e1tek:<\/strong> t\u011blocvi\u010dna Z\u0160 Rybitv\u00ed 17,30 &#8211; 18,30<\/p>\n<p><span style=\"text-decoration: underline;\"><strong>T<\/strong><strong>erm\u00edny v\u00edkendov\u00fdch akc\u00ed<\/strong><\/span><\/p>\n<p>NE 14.1. halov\u00fd turnaj Kol\u00edn 9-11 hod.<\/p>\n<p>SO 27.1. halov\u00fd turnaj L. Bohdane\u010d (2-3 t\u00fdmy)<\/p>\n<p>NE 4.2. halov\u00fd turnaj H. M\u011bstec U7 (4+1) + p\u0159\u00e1tel\u00e1k LB-Na\u010de\u0161ice U6 (hala LB)<\/p>\n<p>\u010cT 8.2. &#8211; NE 11.2. Zimn\u00ed soust\u0159ed\u011bn\u00ed Neko\u0159<\/p>\n<p>NE 18.2. halov\u00fd turnaj Ho\u0159ice (2 t\u00fdmy)<\/p>\n<p>SO 24.2. &#8211; NE 25.2. VOLNO<\/p>\n<p>NE 3.3. halov\u00fd turnaj L. Bohdane\u010d U7 (4+1) + p\u0159\u00e1tel\u00e1k LB-??? U6 (hala LB)<\/p>\n<p>SO 9.3 &#8211; 10.3. VOLNO &#8211; Jarn\u00ed pr\u00e1zdniny<\/p>\n<p>SO 16.3 &#8211; 17.3. VOLNO &#8211; Jarn\u00ed pr\u00e1zdniny<\/p>\n<p>*Zm\u011bna programu vyhrazena<\/p>\n","protected":false},"excerpt":{"rendered":"<p>N\u00ed\u017ee V\u00e1m p\u0159in\u00e1\u0161\u00edme pl\u00e1n tr\u00e9nink\u016f a z\u00e1pas\u016f pro kategorii U7 (ro\u010dn\u00edk 2017 a ml.) na obdob\u00ed leden a \u00fanor 2024. *Zm\u011bna programu je vyhrazena a p\u0159esn\u00fd pl\u00e1n na nejbli\u017e\u0161\u00ed dny V\u00e1m v\u017edy tren\u00e9\u0159i po\u0161lou na WhatsApp skupinu.<\/p>\n","protected":false},"author":21,"featured_media":0,"comment_status":"open","ping_status":"closed","sticky":false,"template":"","format":"standard","meta":{"footnotes":""},"categories":[58,1],"tags":[],"class_list":["post-14064","post","type-post","status-publish","format-standard","hentry","category-clanky-a-sdeleni-skolicka","category-novinky"],"aioseo_notices":[],"_links":{"self":[{"href":"http:\/\/www.sklaznebohdanec.cz\/fotbal\/wp-json\/wp\/v2\/posts\/14064","targetHints":{"allow":["GET"]}}],"collection":[{"href":"http:\/\/www.sklaznebohdanec.cz\/fotbal\/wp-json\/wp\/v2\/posts"}],"about":[{"href":"http:\/\/www.sklaznebohdanec.cz\/fotbal\/wp-json\/wp\/v2\/types\/post"}],"author":[{"embeddable":true,"href":"http:\/\/www.sklaznebohdanec.cz\/fotbal\/wp-json\/wp\/v2\/users\/21"}],"replies":[{"embeddable":true,"href":"http:\/\/www.sklaznebohdanec.cz\/fotbal\/wp-json\/wp\/v2\/comments?post=14064"}],"version-history":[{"count":2,"href":"http:\/\/www.sklaznebohdanec.cz\/fotbal\/wp-json\/wp\/v2\/posts\/14064\/revisions"}],"predecessor-version":[{"id":14067,"href":"http:\/\/www.sklaznebohdanec.cz\/fotbal\/wp-json\/wp\/v2\/posts\/14064\/revisions\/14067"}],"wp:attachment":[{"href":"http:\/\/www.sklaznebohdanec.cz\/fotbal\/wp-json\/wp\/v2\/media?parent=14064"}],"wp:term":[{"taxonomy":"category","embeddable":true,"href":"http:\/\/www.sklaznebohdanec.cz\/fotbal\/wp-json\/wp\/v2\/categories?post=14064"},{"taxonomy":"post_tag","embeddable":true,"href":"http:\/\/www.sklaznebohdanec.cz\/fotbal\/wp-json\/wp\/v2\/tags?post=14064"}],"curies":[{"name":"wp","href":"https:\/\/api.w.org\/{rel}","templated":true}]}}