{"id":12723,"date":"2020-08-28T08:38:19","date_gmt":"2020-08-28T06:38:19","guid":{"rendered":"http:\/\/www.sklaznebohdanec.cz\/fotbal\/?p=12723"},"modified":"2020-08-28T08:38:19","modified_gmt":"2020-08-28T06:38:19","slug":"u13-slatinany-72-sk-l-b-31","status":"publish","type":"post","link":"https:\/\/www.sklaznebohdanec.cz\/fotbal\/u13-slatinany-72-sk-l-b-31\/","title":{"rendered":"U13\/ Slati\u0148any 7:2 SK L.B. (3:1)"},"content":{"rendered":"<p>27.8.2020 &#8211; V prvn\u00edm kole jsme zaj\u00ed\u017ed\u011bli do Slati\u0148an. V samotn\u00e9m utk\u00e1n\u00ed jsme \u0161li hned z kraje do veden\u00ed po dob\u0159e zahran\u00e9m rohu. Pot\u00e9 jsme si vytvo\u0159ili b\u011bhem dvou minut dal\u0161\u00ed dv\u011b \u0161ance, kter\u00e9 jsme neprom\u011bnili. Naopak dom\u00e1c\u00ed n\u00e1s v 10 minut\u011b potrestali a srovnali na 1:1. Od t\u00e9 doby byl na h\u0159i\u0161ti jen jeden t\u00fdm, a to dom\u00e1c\u00ed!!! <!--more-->Na\u0161i ho\u0161i propadali, neplnili z\u00e1kladn\u00ed v\u011bci, ne\u0161el n\u00e1m prvn\u00ed dotek &#8230;&#8230; Dom\u00e1c\u00ed vyhr\u00e1li naprosto zaslou\u017een\u011b, ale nutno podotknout, \u017ee jsme j\u00edm to nijak nezt\u00ed\u017eili. Pod\u011bkov\u00e1n\u00ed pat\u0159\u00edm kluk\u016fm z U11 p\u0159edev\u0161\u00edm Matymu Bohmovi z na\u0161ich borc\u016f snesou p\u0159\u00edsn\u011bj\u0161\u00ed m\u011b\u0159\u00edtko jen Urbanec a \u010cichovsk\u00fd. Nejv\u011bt\u0161\u00ed ka\u0148kou je zran\u011bn\u00ed Havr\u00e1nka, snad se n\u00e1m d\u00e1 brzo do kupy.<\/p>\n<p>G\u00f3ly: 2x \u010cichovsk\u00fd<\/p>\n<p>Sestava: Smr\u010dek &#8211; \u010capsk\u00fd, \u010cichovsk\u00fd, Urbanec, Bohm, Jehli\u010dka, Havr\u00e1nek, Eisner, Vondrou\u0161, Kubrycht, Haken, Fistr, \u0160ediv\u00fd<\/p>\n","protected":false},"excerpt":{"rendered":"<p>27.8.2020 &#8211; V prvn\u00edm kole jsme zaj\u00ed\u017ed\u011bli do Slati\u0148an. V samotn\u00e9m utk\u00e1n\u00ed jsme \u0161li hned z kraje do veden\u00ed po dob\u0159e zahran\u00e9m rohu. Pot\u00e9 jsme si vytvo\u0159ili b\u011bhem dvou minut dal\u0161\u00ed dv\u011b \u0161ance, kter\u00e9 jsme neprom\u011bnili. Naopak dom\u00e1c\u00ed n\u00e1s v 10 minut\u011b potrestali a srovnali na 1:1. Od t\u00e9 doby \u2026 <a class=\"continue-reading-link\" href=\"https:\/\/www.sklaznebohdanec.cz\/fotbal\/u13-slatinany-72-sk-l-b-31\/\">Pokra\u010dov\u00e1n\u00ed zde&#8230;. <span class=\"meta-nav\">&rarr; <\/span><\/a><\/p>\n","protected":false},"author":18,"featured_media":0,"comment_status":"open","ping_status":"closed","sticky":false,"template":"","format":"standard","meta":{"footnotes":""},"categories":[1],"tags":[],"class_list":["post-12723","post","type-post","status-publish","format-standard","hentry","category-novinky"],"aioseo_notices":[],"_links":{"self":[{"href":"https:\/\/www.sklaznebohdanec.cz\/fotbal\/wp-json\/wp\/v2\/posts\/12723","targetHints":{"allow":["GET"]}}],"collection":[{"href":"https:\/\/www.sklaznebohdanec.cz\/fotbal\/wp-json\/wp\/v2\/posts"}],"about":[{"href":"https:\/\/www.sklaznebohdanec.cz\/fotbal\/wp-json\/wp\/v2\/types\/post"}],"author":[{"embeddable":true,"href":"https:\/\/www.sklaznebohdanec.cz\/fotbal\/wp-json\/wp\/v2\/users\/18"}],"replies":[{"embeddable":true,"href":"https:\/\/www.sklaznebohdanec.cz\/fotbal\/wp-json\/wp\/v2\/comments?post=12723"}],"version-history":[{"count":1,"href":"https:\/\/www.sklaznebohdanec.cz\/fotbal\/wp-json\/wp\/v2\/posts\/12723\/revisions"}],"predecessor-version":[{"id":12724,"href":"https:\/\/www.sklaznebohdanec.cz\/fotbal\/wp-json\/wp\/v2\/posts\/12723\/revisions\/12724"}],"wp:attachment":[{"href":"https:\/\/www.sklaznebohdanec.cz\/fotbal\/wp-json\/wp\/v2\/media?parent=12723"}],"wp:term":[{"taxonomy":"category","embeddable":true,"href":"https:\/\/www.sklaznebohdanec.cz\/fotbal\/wp-json\/wp\/v2\/categories?post=12723"},{"taxonomy":"post_tag","embeddable":true,"href":"https:\/\/www.sklaznebohdanec.cz\/fotbal\/wp-json\/wp\/v2\/tags?post=12723"}],"curies":[{"name":"wp","href":"https:\/\/api.w.org\/{rel}","templated":true}]}}